{"id":10279,"date":"2025-10-17T20:03:52","date_gmt":"2025-10-17T18:03:52","guid":{"rendered":"https:\/\/perso.uclouvain.be\/sophie.opfergelt\/?p=10279"},"modified":"2026-03-11T20:07:25","modified_gmt":"2026-03-11T19:07:25","slug":"festival-fruits-de-la-passion","status":"publish","type":"post","link":"https:\/\/perso.uclouvain.be\/sophie.opfergelt\/2025\/10\/17\/festival-fruits-de-la-passion\/","title":{"rendered":"Festival Fruits de la Passion"},"content":{"rendered":"<h4>Un festival \u00e0 la crois\u00e9e de la recherche universitaire et de la cr\u00e9ation artistique organis\u00e9 par <a href=\"https:\/\/www.uclouvain.be\/fr\/culture\/festival-les-fruits-de-la-passion\">UCLouvain Culture<\/a><\/h4>\n<p>Collaboration de notre \u00e9quipe avec Isabelle Dumont pour le cabinet de curiosit\u00e9, avec H\u00e9l\u00e8ne Bellenger pour Bianco Ordinario, et avec Louise Vanneste pour une conf\u00e9rence dans\u00e9e<\/p>\n","protected":false},"excerpt":{"rendered":"<p>Un festival \u00e0 la crois\u00e9e de la recherche universitaire et de la cr\u00e9ation artistique organis\u00e9 par UCLouvain Culture Collaboration de notre \u00e9quipe avec Isabelle Dumont pour le cabinet de curiosit\u00e9, avec H\u00e9l\u00e8ne Bellenger pour Bianco Ordinario, et avec Louise Vanneste pour une conf\u00e9rence dans\u00e9e<\/p>\n","protected":false},"author":13,"featured_media":10249,"comment_status":"closed","ping_status":"closed","sticky":false,"template":"","format":"standard","meta":{"_kad_post_transparent":"default","_kad_post_title":"default","_kad_post_layout":"default","_kad_post_sidebar_id":"","_kad_post_content_style":"default","_kad_post_vertical_padding":"default","_kad_post_feature":"","_kad_post_feature_position":"","_kad_post_header":false,"_kad_post_footer":false,"_kad_post_classname":"","footnotes":""},"categories":[63],"tags":[],"class_list":["post-10279","post","type-post","status-publish","format-standard","has-post-thumbnail","hentry","category-news"],"_links":{"self":[{"href":"https:\/\/perso.uclouvain.be\/sophie.opfergelt\/wp-json\/wp\/v2\/posts\/10279","targetHints":{"allow":["GET"]}}],"collection":[{"href":"https:\/\/perso.uclouvain.be\/sophie.opfergelt\/wp-json\/wp\/v2\/posts"}],"about":[{"href":"https:\/\/perso.uclouvain.be\/sophie.opfergelt\/wp-json\/wp\/v2\/types\/post"}],"author":[{"embeddable":true,"href":"https:\/\/perso.uclouvain.be\/sophie.opfergelt\/wp-json\/wp\/v2\/users\/13"}],"replies":[{"embeddable":true,"href":"https:\/\/perso.uclouvain.be\/sophie.opfergelt\/wp-json\/wp\/v2\/comments?post=10279"}],"version-history":[{"count":1,"href":"https:\/\/perso.uclouvain.be\/sophie.opfergelt\/wp-json\/wp\/v2\/posts\/10279\/revisions"}],"predecessor-version":[{"id":10280,"href":"https:\/\/perso.uclouvain.be\/sophie.opfergelt\/wp-json\/wp\/v2\/posts\/10279\/revisions\/10280"}],"wp:featuredmedia":[{"embeddable":true,"href":"https:\/\/perso.uclouvain.be\/sophie.opfergelt\/wp-json\/wp\/v2\/media\/10249"}],"wp:attachment":[{"href":"https:\/\/perso.uclouvain.be\/sophie.opfergelt\/wp-json\/wp\/v2\/media?parent=10279"}],"wp:term":[{"taxonomy":"category","embeddable":true,"href":"https:\/\/perso.uclouvain.be\/sophie.opfergelt\/wp-json\/wp\/v2\/categories?post=10279"},{"taxonomy":"post_tag","embeddable":true,"href":"https:\/\/perso.uclouvain.be\/sophie.opfergelt\/wp-json\/wp\/v2\/tags?post=10279"}],"curies":[{"name":"wp","href":"https:\/\/api.w.org\/{rel}","templated":true}]}}