{"id":6233,"date":"2021-09-15T13:16:16","date_gmt":"2021-09-15T11:16:16","guid":{"rendered":"https:\/\/perso.uclouvain.be\/sophie.opfergelt\/?p=6233"},"modified":"2022-01-28T13:19:11","modified_gmt":"2022-01-28T12:19:11","slug":"september-2021-departure-to-abisko-for-the-wethaw-team-for-a-2-month-monitoring","status":"publish","type":"post","link":"https:\/\/perso.uclouvain.be\/sophie.opfergelt\/2021\/09\/15\/september-2021-departure-to-abisko-for-the-wethaw-team-for-a-2-month-monitoring\/","title":{"rendered":"September 2021- Departure to Abisko for the WeThaw team for a 2-month monitoring"},"content":{"rendered":"<p>The WeThaw team is monitoring the shoulder period in Abisko, and the mission has been covered in the media:<br \/>\nRTBF <a href=\"https:\/\/www.rtbf.be\/info\/societe\/detail_climat-dans-l-arctique-le-degel-du-permafrost-fait-craindre-la-liberation-de-gaz-a-effet-de-serre?id=10876245\">web article<\/a> 10\/11\/21 &amp; La premi\u00e8re and Vivacit\u00e9 \u2013 <a href=\"https:\/\/drive.google.com\/file\/d\/1g1hEuD7eG6x4O4Z2V54-UuVob2y9Jm90\/view?usp=sharing\">Radio<\/a> JT du 10\/11\/21<br \/>\nJournal t\u00e9l\u00e9vis\u00e9 <a href=\"https:\/\/drive.google.com\/file\/d\/1rAPvXkw7V4M3SHwBgrnM5qiifvA0N883\/view?usp=sharing\">RTL<\/a> \u2013 13H et 19H on 11\/11\/21, and RTL info \u2013 <a href=\"https:\/\/www.rtl.be\/info\/magazine\/science-nature\/climat-en-suede-une-equipe-de-l-uclouvain-scrute-la-fonte-du-permafrost-1336939.aspx\">Web<\/a> article du 11\/11\/21<br \/>\n<a href=\"https:\/\/www.dhnet.be\/dernieres-depeches\/belga\/climat-en-suede-une-equipe-de-l-uclouvain-scrute-la-fonte-du-permafrost-618cdfd4d8ad587c1b733b66\">DH net<\/a>\u2013 Web du 11\/11\/21, <a href=\"https:\/\/drive.google.com\/file\/d\/1E5bVk2oBGRy5g7X4s_v4CnApGlesrljH\/view?usp=sharing\">L\u2019Avenir<\/a> newspaper 16\/11\/21<\/p>\n","protected":false},"excerpt":{"rendered":"<p>The WeThaw team is monitoring the shoulder period in Abisko, and the mission has been covered in the media: RTBF web article 10\/11\/21 &amp; La premi\u00e8re and Vivacit\u00e9 \u2013 Radio JT du 10\/11\/21 Journal t\u00e9l\u00e9vis\u00e9 RTL \u2013 13H et 19H on 11\/11\/21, and RTL info \u2013 Web article du 11\/11\/21 DH net\u2013 Web du 11\/11\/21,&#8230;<\/p>\n","protected":false},"author":3,"featured_media":6243,"comment_status":"closed","ping_status":"closed","sticky":false,"template":"","format":"standard","meta":{"_kad_post_transparent":"","_kad_post_title":"","_kad_post_layout":"","_kad_post_sidebar_id":"","_kad_post_content_style":"","_kad_post_vertical_padding":"","_kad_post_feature":"","_kad_post_feature_position":"","_kad_post_header":false,"_kad_post_footer":false,"_kad_post_classname":"","footnotes":""},"categories":[63],"tags":[],"class_list":["post-6233","post","type-post","status-publish","format-standard","has-post-thumbnail","hentry","category-news"],"_links":{"self":[{"href":"https:\/\/perso.uclouvain.be\/sophie.opfergelt\/wp-json\/wp\/v2\/posts\/6233","targetHints":{"allow":["GET"]}}],"collection":[{"href":"https:\/\/perso.uclouvain.be\/sophie.opfergelt\/wp-json\/wp\/v2\/posts"}],"about":[{"href":"https:\/\/perso.uclouvain.be\/sophie.opfergelt\/wp-json\/wp\/v2\/types\/post"}],"author":[{"embeddable":true,"href":"https:\/\/perso.uclouvain.be\/sophie.opfergelt\/wp-json\/wp\/v2\/users\/3"}],"replies":[{"embeddable":true,"href":"https:\/\/perso.uclouvain.be\/sophie.opfergelt\/wp-json\/wp\/v2\/comments?post=6233"}],"version-history":[{"count":4,"href":"https:\/\/perso.uclouvain.be\/sophie.opfergelt\/wp-json\/wp\/v2\/posts\/6233\/revisions"}],"predecessor-version":[{"id":6613,"href":"https:\/\/perso.uclouvain.be\/sophie.opfergelt\/wp-json\/wp\/v2\/posts\/6233\/revisions\/6613"}],"wp:featuredmedia":[{"embeddable":true,"href":"https:\/\/perso.uclouvain.be\/sophie.opfergelt\/wp-json\/wp\/v2\/media\/6243"}],"wp:attachment":[{"href":"https:\/\/perso.uclouvain.be\/sophie.opfergelt\/wp-json\/wp\/v2\/media?parent=6233"}],"wp:term":[{"taxonomy":"category","embeddable":true,"href":"https:\/\/perso.uclouvain.be\/sophie.opfergelt\/wp-json\/wp\/v2\/categories?post=6233"},{"taxonomy":"post_tag","embeddable":true,"href":"https:\/\/perso.uclouvain.be\/sophie.opfergelt\/wp-json\/wp\/v2\/tags?post=6233"}],"curies":[{"name":"wp","href":"https:\/\/api.w.org\/{rel}","templated":true}]}}