{"id":7523,"date":"2023-03-23T18:50:12","date_gmt":"2023-03-23T17:50:12","guid":{"rendered":"https:\/\/perso.uclouvain.be\/sophie.opfergelt\/?p=7523"},"modified":"2023-03-26T18:51:57","modified_gmt":"2023-03-26T16:51:57","slug":"mars-2023-conference-arctique-quand-le-sol-degele-sous-tes-pieds","status":"publish","type":"post","link":"https:\/\/perso.uclouvain.be\/sophie.opfergelt\/2023\/03\/23\/mars-2023-conference-arctique-quand-le-sol-degele-sous-tes-pieds\/","title":{"rendered":"Mars 2023 &#8211; Conf\u00e9rence &#8220;Arctique : quand le sol d\u00e9g\u00e8le sous tes pieds &#8220;"},"content":{"rendered":"<p>Quels sont les enjeux li\u00e9s au d\u00e9gel des sols dans ces r\u00e9gions ? C\u2019est pr\u00e9cis\u00e9ment ce que trois chercheuses de l\u2019UCLouvain, Ma\u00eblle Villani, C\u00e9cile Osy et Sophie Opfergelt, viennent vous expliquer sur base d\u2019images de leurs missions sur le terrain en Alaska et dans le Nord de la Su\u00e8de.<\/p>\n<p>Quelle sensation \u00e9prouve-t-on lorsqu\u2019on traverse une calotte de glace ? Ce sera le t\u00e9moignage de Gilles Denis et Nathan Goffart, explorateurs de Nanok Expedition qui ont r\u00e9alis\u00e9 cet exploit au Groenland en 2022.<\/p>\n<p>&nbsp;<\/p>\n","protected":false},"excerpt":{"rendered":"<p>Quels sont les enjeux li\u00e9s au d\u00e9gel des sols dans ces r\u00e9gions ? C\u2019est pr\u00e9cis\u00e9ment ce que trois chercheuses de l\u2019UCLouvain, Ma\u00eblle Villani, C\u00e9cile Osy et Sophie Opfergelt, viennent vous expliquer sur base d\u2019images de leurs missions sur le terrain en Alaska et dans le Nord de la Su\u00e8de. Quelle sensation \u00e9prouve-t-on lorsqu\u2019on traverse une&#8230;<\/p>\n","protected":false},"author":13,"featured_media":7473,"comment_status":"closed","ping_status":"closed","sticky":false,"template":"","format":"standard","meta":{"_kad_post_transparent":"","_kad_post_title":"","_kad_post_layout":"","_kad_post_sidebar_id":"","_kad_post_content_style":"","_kad_post_vertical_padding":"","_kad_post_feature":"","_kad_post_feature_position":"","_kad_post_header":false,"_kad_post_footer":false,"_kad_post_classname":"","footnotes":""},"categories":[63],"tags":[],"class_list":["post-7523","post","type-post","status-publish","format-standard","has-post-thumbnail","hentry","category-news"],"_links":{"self":[{"href":"https:\/\/perso.uclouvain.be\/sophie.opfergelt\/wp-json\/wp\/v2\/posts\/7523","targetHints":{"allow":["GET"]}}],"collection":[{"href":"https:\/\/perso.uclouvain.be\/sophie.opfergelt\/wp-json\/wp\/v2\/posts"}],"about":[{"href":"https:\/\/perso.uclouvain.be\/sophie.opfergelt\/wp-json\/wp\/v2\/types\/post"}],"author":[{"embeddable":true,"href":"https:\/\/perso.uclouvain.be\/sophie.opfergelt\/wp-json\/wp\/v2\/users\/13"}],"replies":[{"embeddable":true,"href":"https:\/\/perso.uclouvain.be\/sophie.opfergelt\/wp-json\/wp\/v2\/comments?post=7523"}],"version-history":[{"count":1,"href":"https:\/\/perso.uclouvain.be\/sophie.opfergelt\/wp-json\/wp\/v2\/posts\/7523\/revisions"}],"predecessor-version":[{"id":7533,"href":"https:\/\/perso.uclouvain.be\/sophie.opfergelt\/wp-json\/wp\/v2\/posts\/7523\/revisions\/7533"}],"wp:featuredmedia":[{"embeddable":true,"href":"https:\/\/perso.uclouvain.be\/sophie.opfergelt\/wp-json\/wp\/v2\/media\/7473"}],"wp:attachment":[{"href":"https:\/\/perso.uclouvain.be\/sophie.opfergelt\/wp-json\/wp\/v2\/media?parent=7523"}],"wp:term":[{"taxonomy":"category","embeddable":true,"href":"https:\/\/perso.uclouvain.be\/sophie.opfergelt\/wp-json\/wp\/v2\/categories?post=7523"},{"taxonomy":"post_tag","embeddable":true,"href":"https:\/\/perso.uclouvain.be\/sophie.opfergelt\/wp-json\/wp\/v2\/tags?post=7523"}],"curies":[{"name":"wp","href":"https:\/\/api.w.org\/{rel}","templated":true}]}}